{"id":41465,"date":"2025-06-02T10:33:16","date_gmt":"2025-06-02T08:33:16","guid":{"rendered":"https:\/\/www.tag-der-gfk.org\/?p=41465"},"modified":"2025-06-02T11:10:51","modified_gmt":"2025-06-02T09:10:51","slug":"jeder-tag-ein-tag-der-gewaltfreien-kommunikation","status":"publish","type":"post","link":"http:\/\/www.tag-der-gfk.org\/en\/jeder-tag-ein-tag-der-gewaltfreien-kommunikation","title":{"rendered":"Jeder Tag \u2013 ein Tag der Gewaltfreien Kommunikation"},"content":{"rendered":"<h4><strong><em>Weil jede Begegnung z\u00e4hlt.<\/em><\/strong><\/h4>\n<p>Stell Dir vor: Ein Gespr\u00e4ch, in dem Du wirklich geh\u00f6rt wirst. Ein Streit, der nicht trennt, sondern Verst\u00e4ndnis schafft. Eine Begegnung, nach der Du Dich gest\u00e4rkt und verbunden f\u00fchlst. Was w\u00e4re, wenn wir jeden Tag so miteinander sprechen k\u00f6nnten?<br \/>\nNicht nur einmal im Jahr \u2013 sondern immer: im Kleinen wie im Gro\u00dfen, im Alltag wie in besonderen Momenten.<\/p>\n<p>Genau dazu l\u00e4dt das diesj\u00e4hrige Motto ein: <strong>\u201eJeder Tag \u2013ein Tag der Gewaltfreien Kommunikation\u201c<\/strong>.<br \/>\nEin Impuls, bewusster hinzuh\u00f6ren, klarer auszudr\u00fccken und Br\u00fccken zu bauen \u2013 Tag f\u00fcr Tag, Begegnung f\u00fcr Begegnung.<\/p>\n<p><strong>Was ist der Tag der Gewaltfreien Kommunikation?<br \/>\n<\/strong>Jedes Jahr am <strong>6. Oktober feiern wir<\/strong> den Geburtstag von <strong>Marshall B. Rosenberg<\/strong>, dem Begr\u00fcnder der Gewaltfreien Kommunikation (GFK). An diesem Tag machen weltweit viele Menschen sichtbar, welche Kraft in der GFK steckt: mehr Miteinander, mehr Verst\u00e4ndnis, mehr Menschlichkeit.<br \/>\nIn Deutschland, \u00d6sterreich, der Schweiz und vielen weiteren L\u00e4ndern finden <strong>zahlreiche Aktionen<\/strong> statt \u2013 organisiert von Trainer:innen, Engagierten und Interessierten, die GFK erlebbar machen m\u00f6chten.<\/p>\n<p><strong>Warum GFK jeden Tag?<br \/>\n<\/strong>Die Gewaltfreie Kommunikation ist weit mehr als eine Gespr\u00e4chsmethode. Sie ist eine Haltung, die Dich einl\u00e4dt, den Blick hinter Worte zu richten: Was bewegt Dich wirklich? Was braucht Dein Gegen\u00fcber? Wie k\u00f6nnen wir einander auf Augenh\u00f6he begegnen \u2013 auch bei unterschiedlichen Meinungen?<\/p>\n<p><strong>GFK bedeutet:<\/strong><br \/>\n&#8211; Konflikte nicht als Bedrohung, sondern als Chance f\u00fcr Wachstum zu sehen<br \/>\n&#8211; Gef\u00fchle und Bed\u00fcrfnisse ehrlich auszudr\u00fccken<br \/>\n&#8211; Aktiv zuzuh\u00f6ren \u2013 mit offenem Herzen und offenem Geist<\/p>\n<p>Jeder Tag bietet neue Gelegenheiten daf\u00fcr.<br \/>\nUnd jeder Moment bewusster Verbindung macht einen Unterschied \u2013 f\u00fcr Dich, f\u00fcr Dein Umfeld und f\u00fcr unsere Gesellschaft.<\/p>\n<p><strong>Aktionen \u00fcberall \u2013 sei dabei!<br \/>\n<\/strong>Rund um den 6. Oktober finden <strong>in zahlreichen St\u00e4dten und Regionen<\/strong> Aktionen statt, die Dich einladen, die GFK kennenzulernen, aufzufrischen oder tiefer zu erleben.<br \/>\nOb Du erste Schritte wagst oder schon l\u00e4nger auf Deinem Weg mit der GFK bist \u2013 Du bist herzlich willkommen.<\/p>\n<p><strong>Eine laufend aktualisierte \u00dcbersicht aller geplanten Angebote findest Du auf <a href=\"http:\/\/www.tag-der-gfk.org\/en\/\">www.day-of-nv.org<\/a>.<br \/>\n<\/strong>Sicher ist auch in Deiner N\u00e4he eine Veranstaltung \u2013 oder Du l\u00e4sst Dich inspirieren, selbst aktiv zu werden. Anregungen findest Du im Aktionshandbuch unter <a href=\"https:\/\/www.tag-der-gfk.org\/en\/download\/aktionshandbuch-2\/\">https:\/\/www.tag-der-gfk.org\/download\/aktionshandbuch-2<\/a><\/p>\n<p><strong>Jeder Tag z\u00e4hlt<br \/>\n<\/strong>Der erste Schritt? Vielleicht heute: Einen Moment innehalten. Wirklich zuh\u00f6ren. Dich aufrichtig zeigen.<br \/>\nDenn: <strong>\u201eJeder Tag \u2013ein Tag der Gewaltfreien Kommunikation\u201c<\/strong>.<\/p>","protected":false},"excerpt":{"rendered":"<p>Weil jede Begegnung z\u00e4hlt. Stell Dir vor: Ein Gespr\u00e4ch, in dem Du wirklich geh\u00f6rt wirst. Ein Streit, der nicht trennt, sondern Verst\u00e4ndnis schafft. Eine Begegnung, nach der Du Dich gest\u00e4rkt und verbunden f\u00fchlst. Was w\u00e4re, wenn wir jeden Tag so miteinander sprechen k\u00f6nnten? Nicht nur einmal im Jahr \u2013 sondern immer: im Kleinen wie im Gro\u00dfen, im Alltag wie in besonderen Momenten. Genau dazu l\u00e4dt das diesj\u00e4hrige Motto ein: \u201eJeder Tag \u2013ein Tag der Gewaltfreien Kommunikation\u201c. Ein Impuls, bewusster hinzuh\u00f6ren,&hellip;<\/p>","protected":false},"author":11,"featured_media":41464,"comment_status":"closed","ping_status":"open","sticky":false,"template":"","format":"standard","meta":{"footnotes":""},"categories":[102,13,1],"tags":[108,107,110,106,109],"class_list":["post-41465","post","type-post","status-publish","format-standard","has-post-thumbnail","hentry","category-102","category-aktionen","category-neuigkeiten","tag-empathie-im-alltag","tag-gfk-2025","tag-jeder-tag-gfk","tag-tag-der-gfk","tag-verbindung-leben","post-has-thumbnail"],"yoast_head":"<!-- This site is optimized with the Yoast SEO plugin v27.4 - https:\/\/yoast.com\/product\/yoast-seo-wordpress\/ -->\n<title>Jeder Tag \u2013 ein Tag der Gewaltfreien Kommunikation - Tag der Gewaltfreien Kommunikation<\/title>\n<meta name=\"robots\" content=\"index, follow, max-snippet:-1, max-image-preview:large, max-video-preview:-1\" \/>\n<link rel=\"canonical\" href=\"https:\/\/www.tag-der-gfk.org\/en\/jeder-tag-ein-tag-der-gewaltfreien-kommunikation\/\" \/>\n<meta property=\"og:locale\" content=\"en_GB\" \/>\n<meta property=\"og:type\" content=\"article\" \/>\n<meta property=\"og:title\" content=\"Jeder Tag \u2013 ein Tag der Gewaltfreien Kommunikation - Tag der Gewaltfreien Kommunikation\" \/>\n<meta property=\"og:description\" content=\"Weil jede Begegnung z\u00e4hlt. Stell Dir vor: Ein Gespr\u00e4ch, in dem Du wirklich geh\u00f6rt wirst. Ein Streit, der nicht trennt, sondern Verst\u00e4ndnis schafft. Eine Begegnung, nach der Du Dich gest\u00e4rkt und verbunden f\u00fchlst. Was w\u00e4re, wenn wir jeden Tag so miteinander sprechen k\u00f6nnten? Nicht nur einmal im Jahr \u2013 sondern immer: im Kleinen wie im Gro\u00dfen, im Alltag wie in besonderen Momenten. Genau dazu l\u00e4dt das diesj\u00e4hrige Motto ein: \u201eJeder Tag \u2013ein Tag der Gewaltfreien Kommunikation\u201c. Ein Impuls, bewusster hinzuh\u00f6ren,&hellip;\" \/>\n<meta property=\"og:url\" content=\"https:\/\/www.tag-der-gfk.org\/en\/jeder-tag-ein-tag-der-gewaltfreien-kommunikation\/\" \/>\n<meta property=\"og:site_name\" content=\"Tag der Gewaltfreien Kommunikation\" \/>\n<meta property=\"article:published_time\" content=\"2025-06-02T08:33:16+00:00\" \/>\n<meta property=\"article:modified_time\" content=\"2025-06-02T09:10:51+00:00\" \/>\n<meta property=\"og:image\" content=\"https:\/\/www.tag-der-gfk.org\/wp-content\/uploads\/2025\/06\/Bild-fuer-Tag-der-GFK-aus-Video-final.jpg\" \/>\n\t<meta property=\"og:image:width\" content=\"756\" \/>\n\t<meta property=\"og:image:height\" content=\"423\" \/>\n\t<meta property=\"og:image:type\" content=\"image\/jpeg\" \/>\n<meta name=\"author\" content=\"Franz Winter\" \/>\n<meta name=\"twitter:card\" content=\"summary_large_image\" \/>\n<meta name=\"twitter:label1\" content=\"Written by\" \/>\n\t<meta name=\"twitter:data1\" content=\"Franz Winter\" \/>\n\t<meta name=\"twitter:label2\" content=\"Estimated reading time\" \/>\n\t<meta name=\"twitter:data2\" content=\"3 minutes\" \/>\n<script type=\"application\/ld+json\" class=\"yoast-schema-graph\">{\"@context\":\"https:\\\/\\\/schema.org\",\"@graph\":[{\"@type\":\"Article\",\"@id\":\"https:\\\/\\\/www.tag-der-gfk.org\\\/jeder-tag-ein-tag-der-gewaltfreien-kommunikation#article\",\"isPartOf\":{\"@id\":\"https:\\\/\\\/www.tag-der-gfk.org\\\/jeder-tag-ein-tag-der-gewaltfreien-kommunikation\"},\"author\":{\"name\":\"Franz Winter\",\"@id\":\"https:\\\/\\\/www.tag-der-gfk.org\\\/#\\\/schema\\\/person\\\/ed86bbf3108ba6ea8444652118fcec7a\"},\"headline\":\"Jeder Tag \u2013 ein Tag der Gewaltfreien Kommunikation\",\"datePublished\":\"2025-06-02T08:33:16+00:00\",\"dateModified\":\"2025-06-02T09:10:51+00:00\",\"mainEntityOfPage\":{\"@id\":\"https:\\\/\\\/www.tag-der-gfk.org\\\/jeder-tag-ein-tag-der-gewaltfreien-kommunikation\"},\"wordCount\":417,\"publisher\":{\"@id\":\"https:\\\/\\\/www.tag-der-gfk.org\\\/#organization\"},\"image\":{\"@id\":\"https:\\\/\\\/www.tag-der-gfk.org\\\/jeder-tag-ein-tag-der-gewaltfreien-kommunikation#primaryimage\"},\"thumbnailUrl\":\"https:\\\/\\\/www.tag-der-gfk.org\\\/wp-content\\\/uploads\\\/2025\\\/06\\\/Bild-fuer-Tag-der-GFK-aus-Video-final.jpg\",\"keywords\":[\"Empathie im Alltag\",\"GFK 2025\",\"Jeder Tag GFK\",\"Tag der GFK\",\"Verbindung Leben\"],\"articleSection\":[\"2025\",\"Aktionen\",\"Neuigkeiten\"],\"inLanguage\":\"en-GB\"},{\"@type\":\"WebPage\",\"@id\":\"https:\\\/\\\/www.tag-der-gfk.org\\\/jeder-tag-ein-tag-der-gewaltfreien-kommunikation\",\"url\":\"https:\\\/\\\/www.tag-der-gfk.org\\\/jeder-tag-ein-tag-der-gewaltfreien-kommunikation\",\"name\":\"Jeder Tag \u2013 ein Tag der Gewaltfreien Kommunikation - Tag der Gewaltfreien Kommunikation\",\"isPartOf\":{\"@id\":\"https:\\\/\\\/www.tag-der-gfk.org\\\/#website\"},\"primaryImageOfPage\":{\"@id\":\"https:\\\/\\\/www.tag-der-gfk.org\\\/jeder-tag-ein-tag-der-gewaltfreien-kommunikation#primaryimage\"},\"image\":{\"@id\":\"https:\\\/\\\/www.tag-der-gfk.org\\\/jeder-tag-ein-tag-der-gewaltfreien-kommunikation#primaryimage\"},\"thumbnailUrl\":\"https:\\\/\\\/www.tag-der-gfk.org\\\/wp-content\\\/uploads\\\/2025\\\/06\\\/Bild-fuer-Tag-der-GFK-aus-Video-final.jpg\",\"datePublished\":\"2025-06-02T08:33:16+00:00\",\"dateModified\":\"2025-06-02T09:10:51+00:00\",\"breadcrumb\":{\"@id\":\"https:\\\/\\\/www.tag-der-gfk.org\\\/jeder-tag-ein-tag-der-gewaltfreien-kommunikation#breadcrumb\"},\"inLanguage\":\"en-GB\",\"potentialAction\":[{\"@type\":\"ReadAction\",\"target\":[\"https:\\\/\\\/www.tag-der-gfk.org\\\/jeder-tag-ein-tag-der-gewaltfreien-kommunikation\"]}]},{\"@type\":\"ImageObject\",\"inLanguage\":\"en-GB\",\"@id\":\"https:\\\/\\\/www.tag-der-gfk.org\\\/jeder-tag-ein-tag-der-gewaltfreien-kommunikation#primaryimage\",\"url\":\"https:\\\/\\\/www.tag-der-gfk.org\\\/wp-content\\\/uploads\\\/2025\\\/06\\\/Bild-fuer-Tag-der-GFK-aus-Video-final.jpg\",\"contentUrl\":\"https:\\\/\\\/www.tag-der-gfk.org\\\/wp-content\\\/uploads\\\/2025\\\/06\\\/Bild-fuer-Tag-der-GFK-aus-Video-final.jpg\",\"width\":756,\"height\":423},{\"@type\":\"BreadcrumbList\",\"@id\":\"https:\\\/\\\/www.tag-der-gfk.org\\\/jeder-tag-ein-tag-der-gewaltfreien-kommunikation#breadcrumb\",\"itemListElement\":[{\"@type\":\"ListItem\",\"position\":1,\"name\":\"Startseite\",\"item\":\"https:\\\/\\\/www.tag-der-gfk.org\\\/\"},{\"@type\":\"ListItem\",\"position\":2,\"name\":\"Jeder Tag \u2013 ein Tag der Gewaltfreien Kommunikation\"}]},{\"@type\":\"WebSite\",\"@id\":\"https:\\\/\\\/www.tag-der-gfk.org\\\/#website\",\"url\":\"https:\\\/\\\/www.tag-der-gfk.org\\\/\",\"name\":\"Tag der Gewaltfreien Kommunikation\",\"description\":\"\",\"publisher\":{\"@id\":\"https:\\\/\\\/www.tag-der-gfk.org\\\/#organization\"},\"potentialAction\":[{\"@type\":\"SearchAction\",\"target\":{\"@type\":\"EntryPoint\",\"urlTemplate\":\"https:\\\/\\\/www.tag-der-gfk.org\\\/?s={search_term_string}\"},\"query-input\":{\"@type\":\"PropertyValueSpecification\",\"valueRequired\":true,\"valueName\":\"search_term_string\"}}],\"inLanguage\":\"en-GB\"},{\"@type\":\"Organization\",\"@id\":\"https:\\\/\\\/www.tag-der-gfk.org\\\/#organization\",\"name\":\"Projektgruppe Tag der Gewaltfreien Kommunikation\",\"url\":\"https:\\\/\\\/www.tag-der-gfk.org\\\/\",\"logo\":{\"@type\":\"ImageObject\",\"inLanguage\":\"en-GB\",\"@id\":\"https:\\\/\\\/www.tag-der-gfk.org\\\/#\\\/schema\\\/logo\\\/image\\\/\",\"url\":\"https:\\\/\\\/www.tag-der-gfk.org\\\/wp-content\\\/uploads\\\/2018\\\/08\\\/Logo-Tag-der-GFK-final-Durckqualit\u00e4t.jpg\",\"contentUrl\":\"https:\\\/\\\/www.tag-der-gfk.org\\\/wp-content\\\/uploads\\\/2018\\\/08\\\/Logo-Tag-der-GFK-final-Durckqualit\u00e4t.jpg\",\"width\":4870,\"height\":2285,\"caption\":\"Projektgruppe Tag der Gewaltfreien Kommunikation\"},\"image\":{\"@id\":\"https:\\\/\\\/www.tag-der-gfk.org\\\/#\\\/schema\\\/logo\\\/image\\\/\"}},{\"@type\":\"Person\",\"@id\":\"https:\\\/\\\/www.tag-der-gfk.org\\\/#\\\/schema\\\/person\\\/ed86bbf3108ba6ea8444652118fcec7a\",\"name\":\"Franz Winter\",\"image\":{\"@type\":\"ImageObject\",\"inLanguage\":\"en-GB\",\"@id\":\"https:\\\/\\\/secure.gravatar.com\\\/avatar\\\/e004b917d32d8dc47dfab9895a4aa237366696975792a7d038edb92dc3a25fd2?s=96&d=mm&r=g\",\"url\":\"https:\\\/\\\/secure.gravatar.com\\\/avatar\\\/e004b917d32d8dc47dfab9895a4aa237366696975792a7d038edb92dc3a25fd2?s=96&d=mm&r=g\",\"contentUrl\":\"https:\\\/\\\/secure.gravatar.com\\\/avatar\\\/e004b917d32d8dc47dfab9895a4aa237366696975792a7d038edb92dc3a25fd2?s=96&d=mm&r=g\",\"caption\":\"Franz Winter\"},\"url\":\"http:\\\/\\\/www.tag-der-gfk.org\\\/en\\\/author\\\/prjgrpadmfb\"}]}<\/script>\n<!-- \/ Yoast SEO plugin. -->","yoast_head_json":{"title":"Jeder Tag \u2013 ein Tag der Gewaltfreien Kommunikation - Tag der Gewaltfreien Kommunikation","robots":{"index":"index","follow":"follow","max-snippet":"max-snippet:-1","max-image-preview":"max-image-preview:large","max-video-preview":"max-video-preview:-1"},"canonical":"https:\/\/www.tag-der-gfk.org\/en\/jeder-tag-ein-tag-der-gewaltfreien-kommunikation\/","og_locale":"en_GB","og_type":"article","og_title":"Jeder Tag \u2013 ein Tag der Gewaltfreien Kommunikation - Tag der Gewaltfreien Kommunikation","og_description":"Weil jede Begegnung z\u00e4hlt. Stell Dir vor: Ein Gespr\u00e4ch, in dem Du wirklich geh\u00f6rt wirst. Ein Streit, der nicht trennt, sondern Verst\u00e4ndnis schafft. Eine Begegnung, nach der Du Dich gest\u00e4rkt und verbunden f\u00fchlst. Was w\u00e4re, wenn wir jeden Tag so miteinander sprechen k\u00f6nnten? Nicht nur einmal im Jahr \u2013 sondern immer: im Kleinen wie im Gro\u00dfen, im Alltag wie in besonderen Momenten. Genau dazu l\u00e4dt das diesj\u00e4hrige Motto ein: \u201eJeder Tag \u2013ein Tag der Gewaltfreien Kommunikation\u201c. Ein Impuls, bewusster hinzuh\u00f6ren,&hellip;","og_url":"https:\/\/www.tag-der-gfk.org\/en\/jeder-tag-ein-tag-der-gewaltfreien-kommunikation\/","og_site_name":"Tag der Gewaltfreien Kommunikation","article_published_time":"2025-06-02T08:33:16+00:00","article_modified_time":"2025-06-02T09:10:51+00:00","og_image":[{"width":756,"height":423,"url":"https:\/\/www.tag-der-gfk.org\/wp-content\/uploads\/2025\/06\/Bild-fuer-Tag-der-GFK-aus-Video-final.jpg","type":"image\/jpeg"}],"author":"Franz Winter","twitter_card":"summary_large_image","twitter_misc":{"Written by":"Franz Winter","Estimated reading time":"3 minutes"},"schema":{"@context":"https:\/\/schema.org","@graph":[{"@type":"Article","@id":"https:\/\/www.tag-der-gfk.org\/jeder-tag-ein-tag-der-gewaltfreien-kommunikation#article","isPartOf":{"@id":"https:\/\/www.tag-der-gfk.org\/jeder-tag-ein-tag-der-gewaltfreien-kommunikation"},"author":{"name":"Franz Winter","@id":"https:\/\/www.tag-der-gfk.org\/#\/schema\/person\/ed86bbf3108ba6ea8444652118fcec7a"},"headline":"Jeder Tag \u2013 ein Tag der Gewaltfreien Kommunikation","datePublished":"2025-06-02T08:33:16+00:00","dateModified":"2025-06-02T09:10:51+00:00","mainEntityOfPage":{"@id":"https:\/\/www.tag-der-gfk.org\/jeder-tag-ein-tag-der-gewaltfreien-kommunikation"},"wordCount":417,"publisher":{"@id":"https:\/\/www.tag-der-gfk.org\/#organization"},"image":{"@id":"https:\/\/www.tag-der-gfk.org\/jeder-tag-ein-tag-der-gewaltfreien-kommunikation#primaryimage"},"thumbnailUrl":"https:\/\/www.tag-der-gfk.org\/wp-content\/uploads\/2025\/06\/Bild-fuer-Tag-der-GFK-aus-Video-final.jpg","keywords":["Empathie im Alltag","GFK 2025","Jeder Tag GFK","Tag der GFK","Verbindung Leben"],"articleSection":["2025","Aktionen","Neuigkeiten"],"inLanguage":"en-GB"},{"@type":"WebPage","@id":"https:\/\/www.tag-der-gfk.org\/jeder-tag-ein-tag-der-gewaltfreien-kommunikation","url":"https:\/\/www.tag-der-gfk.org\/jeder-tag-ein-tag-der-gewaltfreien-kommunikation","name":"Jeder Tag \u2013 ein Tag der Gewaltfreien Kommunikation - Tag der Gewaltfreien Kommunikation","isPartOf":{"@id":"https:\/\/www.tag-der-gfk.org\/#website"},"primaryImageOfPage":{"@id":"https:\/\/www.tag-der-gfk.org\/jeder-tag-ein-tag-der-gewaltfreien-kommunikation#primaryimage"},"image":{"@id":"https:\/\/www.tag-der-gfk.org\/jeder-tag-ein-tag-der-gewaltfreien-kommunikation#primaryimage"},"thumbnailUrl":"https:\/\/www.tag-der-gfk.org\/wp-content\/uploads\/2025\/06\/Bild-fuer-Tag-der-GFK-aus-Video-final.jpg","datePublished":"2025-06-02T08:33:16+00:00","dateModified":"2025-06-02T09:10:51+00:00","breadcrumb":{"@id":"https:\/\/www.tag-der-gfk.org\/jeder-tag-ein-tag-der-gewaltfreien-kommunikation#breadcrumb"},"inLanguage":"en-GB","potentialAction":[{"@type":"ReadAction","target":["https:\/\/www.tag-der-gfk.org\/jeder-tag-ein-tag-der-gewaltfreien-kommunikation"]}]},{"@type":"ImageObject","inLanguage":"en-GB","@id":"https:\/\/www.tag-der-gfk.org\/jeder-tag-ein-tag-der-gewaltfreien-kommunikation#primaryimage","url":"https:\/\/www.tag-der-gfk.org\/wp-content\/uploads\/2025\/06\/Bild-fuer-Tag-der-GFK-aus-Video-final.jpg","contentUrl":"https:\/\/www.tag-der-gfk.org\/wp-content\/uploads\/2025\/06\/Bild-fuer-Tag-der-GFK-aus-Video-final.jpg","width":756,"height":423},{"@type":"BreadcrumbList","@id":"https:\/\/www.tag-der-gfk.org\/jeder-tag-ein-tag-der-gewaltfreien-kommunikation#breadcrumb","itemListElement":[{"@type":"ListItem","position":1,"name":"Startseite","item":"https:\/\/www.tag-der-gfk.org\/"},{"@type":"ListItem","position":2,"name":"Jeder Tag \u2013 ein Tag der Gewaltfreien Kommunikation"}]},{"@type":"WebSite","@id":"https:\/\/www.tag-der-gfk.org\/#website","url":"https:\/\/www.tag-der-gfk.org\/","name":"Day of Nonviolent Communication","description":"","publisher":{"@id":"https:\/\/www.tag-der-gfk.org\/#organization"},"potentialAction":[{"@type":"SearchAction","target":{"@type":"EntryPoint","urlTemplate":"https:\/\/www.tag-der-gfk.org\/?s={search_term_string}"},"query-input":{"@type":"PropertyValueSpecification","valueRequired":true,"valueName":"search_term_string"}}],"inLanguage":"en-GB"},{"@type":"Organization","@id":"https:\/\/www.tag-der-gfk.org\/#organization","name":"Projektgruppe Tag der Gewaltfreien Kommunikation","url":"https:\/\/www.tag-der-gfk.org\/","logo":{"@type":"ImageObject","inLanguage":"en-GB","@id":"https:\/\/www.tag-der-gfk.org\/#\/schema\/logo\/image\/","url":"https:\/\/www.tag-der-gfk.org\/wp-content\/uploads\/2018\/08\/Logo-Tag-der-GFK-final-Durckqualit\u00e4t.jpg","contentUrl":"https:\/\/www.tag-der-gfk.org\/wp-content\/uploads\/2018\/08\/Logo-Tag-der-GFK-final-Durckqualit\u00e4t.jpg","width":4870,"height":2285,"caption":"Projektgruppe Tag der Gewaltfreien Kommunikation"},"image":{"@id":"https:\/\/www.tag-der-gfk.org\/#\/schema\/logo\/image\/"}},{"@type":"Person","@id":"https:\/\/www.tag-der-gfk.org\/#\/schema\/person\/ed86bbf3108ba6ea8444652118fcec7a","name":"Franz Winter","image":{"@type":"ImageObject","inLanguage":"en-GB","@id":"https:\/\/secure.gravatar.com\/avatar\/e004b917d32d8dc47dfab9895a4aa237366696975792a7d038edb92dc3a25fd2?s=96&d=mm&r=g","url":"https:\/\/secure.gravatar.com\/avatar\/e004b917d32d8dc47dfab9895a4aa237366696975792a7d038edb92dc3a25fd2?s=96&d=mm&r=g","contentUrl":"https:\/\/secure.gravatar.com\/avatar\/e004b917d32d8dc47dfab9895a4aa237366696975792a7d038edb92dc3a25fd2?s=96&d=mm&r=g","caption":"Franz Winter"},"url":"http:\/\/www.tag-der-gfk.org\/en\/author\/prjgrpadmfb"}]}},"_links":{"self":[{"href":"http:\/\/www.tag-der-gfk.org\/en\/wp-json\/wp\/v2\/posts\/41465","targetHints":{"allow":["GET"]}}],"collection":[{"href":"http:\/\/www.tag-der-gfk.org\/en\/wp-json\/wp\/v2\/posts"}],"about":[{"href":"http:\/\/www.tag-der-gfk.org\/en\/wp-json\/wp\/v2\/types\/post"}],"author":[{"embeddable":true,"href":"http:\/\/www.tag-der-gfk.org\/en\/wp-json\/wp\/v2\/users\/11"}],"replies":[{"embeddable":true,"href":"http:\/\/www.tag-der-gfk.org\/en\/wp-json\/wp\/v2\/comments?post=41465"}],"version-history":[{"count":2,"href":"http:\/\/www.tag-der-gfk.org\/en\/wp-json\/wp\/v2\/posts\/41465\/revisions"}],"predecessor-version":[{"id":41474,"href":"http:\/\/www.tag-der-gfk.org\/en\/wp-json\/wp\/v2\/posts\/41465\/revisions\/41474"}],"wp:featuredmedia":[{"embeddable":true,"href":"http:\/\/www.tag-der-gfk.org\/en\/wp-json\/wp\/v2\/media\/41464"}],"wp:attachment":[{"href":"http:\/\/www.tag-der-gfk.org\/en\/wp-json\/wp\/v2\/media?parent=41465"}],"wp:term":[{"taxonomy":"category","embeddable":true,"href":"http:\/\/www.tag-der-gfk.org\/en\/wp-json\/wp\/v2\/categories?post=41465"},{"taxonomy":"post_tag","embeddable":true,"href":"http:\/\/www.tag-der-gfk.org\/en\/wp-json\/wp\/v2\/tags?post=41465"}],"curies":[{"name":"wp","href":"https:\/\/api.w.org\/{rel}","templated":true}]}}