{"id":5546,"date":"2021-08-24T18:35:36","date_gmt":"2021-08-24T16:35:36","guid":{"rendered":"https:\/\/www.tag-der-gfk.org\/?p=5546"},"modified":"2025-04-28T21:47:14","modified_gmt":"2025-04-28T19:47:14","slug":"rezept-des-dankapfels","status":"publish","type":"post","link":"http:\/\/www.tag-der-gfk.org\/en\/rezept-des-dankapfels","title":{"rendered":"Rezept des Dankapfels"},"content":{"rendered":"<p>Man nehme<\/p>\n<p><strong>Zutaten:<\/strong><\/p>\n<p>1 Erlebnis, dass einen erfreut oder bewegt hat<\/p>\n<p>3 L\u00f6ffel Worte<\/p>\n<p>1 Prise Mut<\/p>\n<p>2 Minuten seiner Zeit<\/p>\n<p><strong>Zubereitung:<\/strong><\/p>\n<p>Nimm ein Erlebnis, dass dich erfreut oder bewegt hat und sp\u00fcre dem nach, wer und was genau das war, was in dir diese positiven Gef\u00fchle hervorgerufen hat. Fasse dies in 3 L\u00f6ffel Worte (max. 50 St\u00fcck zusammen).<\/p>\n<p>Bestreue dies mit einer Prise Mut und einem wundervollen L\u00e4cheln von dir. La\u00df ihn anschlie\u00dfend ein wenig ziehen, das kann ein paar Minuten sein bis auch zu ein paar Stunden (oder Tage)<\/p>\n<p>Sobald der Dankapfel\u00a0 gar ist, serviere ihn demjenigen, der das Erlebnis bewirkt hat. Nimm dazu noch 2 Minuten deiner Zeit serviere ihm Deinen Dankapfel.<\/p>\n<p>Um den Dankapfel so richtig zu genie\u00dfen, ist es wichtig anschlie\u00dfend zu schweigen und keine Gegenrede zu h\u00f6ren.<\/p>\n<p>Eine Etikettenvorlage zum Audrucken des Rezepts findet Ihr <a href=\"https:\/\/www.tag-der-gfk.org\/wp-content\/uploads\/2021\/08\/Soennecken_Universaletiketten_5750-63_5x38_1.DANK-Apfel.doc\" target=\"_blank\" rel=\"noopener\">hier<\/a>!<\/p>\n<h4><\/h4>\n<p>Guten Appetit!<\/p>","protected":false},"excerpt":{"rendered":"<p>Man nehme Zutaten: 1 Erlebnis, dass einen erfreut oder bewegt hat 3 L\u00f6ffel Worte 1 Prise Mut 2 Minuten seiner Zeit Zubereitung: Nimm ein Erlebnis, dass dich erfreut oder bewegt hat und sp\u00fcre dem nach, wer und was genau das war, was in dir diese positiven Gef\u00fchle hervorgerufen hat. Fasse dies in 3 L\u00f6ffel Worte (max. 50 St\u00fcck zusammen). Bestreue dies mit einer Prise Mut und einem wundervollen L\u00e4cheln von dir. La\u00df ihn anschlie\u00dfend ein wenig ziehen, das kann ein&hellip;<\/p>","protected":false},"author":2,"featured_media":5146,"comment_status":"closed","ping_status":"closed","sticky":false,"template":"","format":"standard","meta":{"footnotes":""},"categories":[13,1],"tags":[],"class_list":["post-5546","post","type-post","status-publish","format-standard","has-post-thumbnail","hentry","category-aktionen","category-neuigkeiten","post-has-thumbnail"],"yoast_head":"<!-- This site is optimized with the Yoast SEO plugin v27.4 - https:\/\/yoast.com\/product\/yoast-seo-wordpress\/ -->\n<title>Rezept des Dankapfels - Tag der Gewaltfreien Kommunikation<\/title>\n<meta name=\"robots\" content=\"index, follow, max-snippet:-1, max-image-preview:large, max-video-preview:-1\" \/>\n<link rel=\"canonical\" href=\"https:\/\/www.tag-der-gfk.org\/en\/rezept-des-dankapfels\/\" \/>\n<meta property=\"og:locale\" content=\"en_GB\" \/>\n<meta property=\"og:type\" content=\"article\" \/>\n<meta property=\"og:title\" content=\"Rezept des Dankapfels - Tag der Gewaltfreien Kommunikation\" \/>\n<meta property=\"og:description\" content=\"Man nehme Zutaten: 1 Erlebnis, dass einen erfreut oder bewegt hat 3 L\u00f6ffel Worte 1 Prise Mut 2 Minuten seiner Zeit Zubereitung: Nimm ein Erlebnis, dass dich erfreut oder bewegt hat und sp\u00fcre dem nach, wer und was genau das war, was in dir diese positiven Gef\u00fchle hervorgerufen hat. Fasse dies in 3 L\u00f6ffel Worte (max. 50 St\u00fcck zusammen). Bestreue dies mit einer Prise Mut und einem wundervollen L\u00e4cheln von dir. La\u00df ihn anschlie\u00dfend ein wenig ziehen, das kann ein&hellip;\" \/>\n<meta property=\"og:url\" content=\"https:\/\/www.tag-der-gfk.org\/en\/rezept-des-dankapfels\/\" \/>\n<meta property=\"og:site_name\" content=\"Tag der Gewaltfreien Kommunikation\" \/>\n<meta property=\"article:published_time\" content=\"2021-08-24T16:35:36+00:00\" \/>\n<meta property=\"article:modified_time\" content=\"2025-04-28T19:47:14+00:00\" \/>\n<meta property=\"og:image\" content=\"https:\/\/www.tag-der-gfk.org\/wp-content\/uploads\/2019\/07\/e-card-dank-apfel-statt-zankapfel.jpg\" \/>\n\t<meta property=\"og:image:width\" content=\"559\" \/>\n\t<meta property=\"og:image:height\" content=\"397\" \/>\n\t<meta property=\"og:image:type\" content=\"image\/jpeg\" \/>\n<meta name=\"author\" content=\"projektgrpadm\" \/>\n<meta name=\"twitter:card\" content=\"summary_large_image\" \/>\n<meta name=\"twitter:label1\" content=\"Written by\" \/>\n\t<meta name=\"twitter:data1\" content=\"projektgrpadm\" \/>\n\t<meta name=\"twitter:label2\" content=\"Estimated reading time\" \/>\n\t<meta name=\"twitter:data2\" content=\"1 minute\" \/>\n<script type=\"application\/ld+json\" class=\"yoast-schema-graph\">{\"@context\":\"https:\\\/\\\/schema.org\",\"@graph\":[{\"@type\":\"Article\",\"@id\":\"https:\\\/\\\/www.tag-der-gfk.org\\\/rezept-des-dankapfels#article\",\"isPartOf\":{\"@id\":\"https:\\\/\\\/www.tag-der-gfk.org\\\/rezept-des-dankapfels\"},\"author\":{\"name\":\"projektgrpadm\",\"@id\":\"https:\\\/\\\/www.tag-der-gfk.org\\\/#\\\/schema\\\/person\\\/94b91932e16a2bd4dc6ca94c33b99ae7\"},\"headline\":\"Rezept des Dankapfels\",\"datePublished\":\"2021-08-24T16:35:36+00:00\",\"dateModified\":\"2025-04-28T19:47:14+00:00\",\"mainEntityOfPage\":{\"@id\":\"https:\\\/\\\/www.tag-der-gfk.org\\\/rezept-des-dankapfels\"},\"wordCount\":150,\"publisher\":{\"@id\":\"https:\\\/\\\/www.tag-der-gfk.org\\\/#organization\"},\"image\":{\"@id\":\"https:\\\/\\\/www.tag-der-gfk.org\\\/rezept-des-dankapfels#primaryimage\"},\"thumbnailUrl\":\"https:\\\/\\\/www.tag-der-gfk.org\\\/wp-content\\\/uploads\\\/2019\\\/07\\\/e-card-dank-apfel-statt-zankapfel.jpg\",\"articleSection\":[\"Aktionen\",\"Neuigkeiten\"],\"inLanguage\":\"en-GB\"},{\"@type\":\"WebPage\",\"@id\":\"https:\\\/\\\/www.tag-der-gfk.org\\\/rezept-des-dankapfels\",\"url\":\"https:\\\/\\\/www.tag-der-gfk.org\\\/rezept-des-dankapfels\",\"name\":\"Rezept des Dankapfels - Tag der Gewaltfreien Kommunikation\",\"isPartOf\":{\"@id\":\"https:\\\/\\\/www.tag-der-gfk.org\\\/#website\"},\"primaryImageOfPage\":{\"@id\":\"https:\\\/\\\/www.tag-der-gfk.org\\\/rezept-des-dankapfels#primaryimage\"},\"image\":{\"@id\":\"https:\\\/\\\/www.tag-der-gfk.org\\\/rezept-des-dankapfels#primaryimage\"},\"thumbnailUrl\":\"https:\\\/\\\/www.tag-der-gfk.org\\\/wp-content\\\/uploads\\\/2019\\\/07\\\/e-card-dank-apfel-statt-zankapfel.jpg\",\"datePublished\":\"2021-08-24T16:35:36+00:00\",\"dateModified\":\"2025-04-28T19:47:14+00:00\",\"breadcrumb\":{\"@id\":\"https:\\\/\\\/www.tag-der-gfk.org\\\/rezept-des-dankapfels#breadcrumb\"},\"inLanguage\":\"en-GB\",\"potentialAction\":[{\"@type\":\"ReadAction\",\"target\":[\"https:\\\/\\\/www.tag-der-gfk.org\\\/rezept-des-dankapfels\"]}]},{\"@type\":\"ImageObject\",\"inLanguage\":\"en-GB\",\"@id\":\"https:\\\/\\\/www.tag-der-gfk.org\\\/rezept-des-dankapfels#primaryimage\",\"url\":\"https:\\\/\\\/www.tag-der-gfk.org\\\/wp-content\\\/uploads\\\/2019\\\/07\\\/e-card-dank-apfel-statt-zankapfel.jpg\",\"contentUrl\":\"https:\\\/\\\/www.tag-der-gfk.org\\\/wp-content\\\/uploads\\\/2019\\\/07\\\/e-card-dank-apfel-statt-zankapfel.jpg\",\"width\":559,\"height\":397,\"caption\":\"Mottokarte 2019\"},{\"@type\":\"BreadcrumbList\",\"@id\":\"https:\\\/\\\/www.tag-der-gfk.org\\\/rezept-des-dankapfels#breadcrumb\",\"itemListElement\":[{\"@type\":\"ListItem\",\"position\":1,\"name\":\"Startseite\",\"item\":\"https:\\\/\\\/www.tag-der-gfk.org\\\/\"},{\"@type\":\"ListItem\",\"position\":2,\"name\":\"Rezept des Dankapfels\"}]},{\"@type\":\"WebSite\",\"@id\":\"https:\\\/\\\/www.tag-der-gfk.org\\\/#website\",\"url\":\"https:\\\/\\\/www.tag-der-gfk.org\\\/\",\"name\":\"Tag der Gewaltfreien Kommunikation\",\"description\":\"\",\"publisher\":{\"@id\":\"https:\\\/\\\/www.tag-der-gfk.org\\\/#organization\"},\"potentialAction\":[{\"@type\":\"SearchAction\",\"target\":{\"@type\":\"EntryPoint\",\"urlTemplate\":\"https:\\\/\\\/www.tag-der-gfk.org\\\/?s={search_term_string}\"},\"query-input\":{\"@type\":\"PropertyValueSpecification\",\"valueRequired\":true,\"valueName\":\"search_term_string\"}}],\"inLanguage\":\"en-GB\"},{\"@type\":\"Organization\",\"@id\":\"https:\\\/\\\/www.tag-der-gfk.org\\\/#organization\",\"name\":\"Projektgruppe Tag der Gewaltfreien Kommunikation\",\"url\":\"https:\\\/\\\/www.tag-der-gfk.org\\\/\",\"logo\":{\"@type\":\"ImageObject\",\"inLanguage\":\"en-GB\",\"@id\":\"https:\\\/\\\/www.tag-der-gfk.org\\\/#\\\/schema\\\/logo\\\/image\\\/\",\"url\":\"https:\\\/\\\/www.tag-der-gfk.org\\\/wp-content\\\/uploads\\\/2018\\\/08\\\/Logo-Tag-der-GFK-final-Durckqualit\u00e4t.jpg\",\"contentUrl\":\"https:\\\/\\\/www.tag-der-gfk.org\\\/wp-content\\\/uploads\\\/2018\\\/08\\\/Logo-Tag-der-GFK-final-Durckqualit\u00e4t.jpg\",\"width\":4870,\"height\":2285,\"caption\":\"Projektgruppe Tag der Gewaltfreien Kommunikation\"},\"image\":{\"@id\":\"https:\\\/\\\/www.tag-der-gfk.org\\\/#\\\/schema\\\/logo\\\/image\\\/\"}},{\"@type\":\"Person\",\"@id\":\"https:\\\/\\\/www.tag-der-gfk.org\\\/#\\\/schema\\\/person\\\/94b91932e16a2bd4dc6ca94c33b99ae7\",\"name\":\"projektgrpadm\",\"image\":{\"@type\":\"ImageObject\",\"inLanguage\":\"en-GB\",\"@id\":\"https:\\\/\\\/secure.gravatar.com\\\/avatar\\\/e42335ae53ceead567ac7161bea4b5a1683b23409e077417c26d878157ec8cb0?s=96&d=mm&r=g\",\"url\":\"https:\\\/\\\/secure.gravatar.com\\\/avatar\\\/e42335ae53ceead567ac7161bea4b5a1683b23409e077417c26d878157ec8cb0?s=96&d=mm&r=g\",\"contentUrl\":\"https:\\\/\\\/secure.gravatar.com\\\/avatar\\\/e42335ae53ceead567ac7161bea4b5a1683b23409e077417c26d878157ec8cb0?s=96&d=mm&r=g\",\"caption\":\"projektgrpadm\"},\"description\":\"Melanie und Dirk Bieber\",\"url\":\"http:\\\/\\\/www.tag-der-gfk.org\\\/en\\\/author\\\/projektgrpadmmb\"}]}<\/script>\n<!-- \/ Yoast SEO plugin. -->","yoast_head_json":{"title":"Rezept des Dankapfels - Tag der Gewaltfreien Kommunikation","robots":{"index":"index","follow":"follow","max-snippet":"max-snippet:-1","max-image-preview":"max-image-preview:large","max-video-preview":"max-video-preview:-1"},"canonical":"https:\/\/www.tag-der-gfk.org\/en\/rezept-des-dankapfels\/","og_locale":"en_GB","og_type":"article","og_title":"Rezept des Dankapfels - Tag der Gewaltfreien Kommunikation","og_description":"Man nehme Zutaten: 1 Erlebnis, dass einen erfreut oder bewegt hat 3 L\u00f6ffel Worte 1 Prise Mut 2 Minuten seiner Zeit Zubereitung: Nimm ein Erlebnis, dass dich erfreut oder bewegt hat und sp\u00fcre dem nach, wer und was genau das war, was in dir diese positiven Gef\u00fchle hervorgerufen hat. Fasse dies in 3 L\u00f6ffel Worte (max. 50 St\u00fcck zusammen). Bestreue dies mit einer Prise Mut und einem wundervollen L\u00e4cheln von dir. La\u00df ihn anschlie\u00dfend ein wenig ziehen, das kann ein&hellip;","og_url":"https:\/\/www.tag-der-gfk.org\/en\/rezept-des-dankapfels\/","og_site_name":"Tag der Gewaltfreien Kommunikation","article_published_time":"2021-08-24T16:35:36+00:00","article_modified_time":"2025-04-28T19:47:14+00:00","og_image":[{"width":559,"height":397,"url":"https:\/\/www.tag-der-gfk.org\/wp-content\/uploads\/2019\/07\/e-card-dank-apfel-statt-zankapfel.jpg","type":"image\/jpeg"}],"author":"projektgrpadm","twitter_card":"summary_large_image","twitter_misc":{"Written by":"projektgrpadm","Estimated reading time":"1 minute"},"schema":{"@context":"https:\/\/schema.org","@graph":[{"@type":"Article","@id":"https:\/\/www.tag-der-gfk.org\/rezept-des-dankapfels#article","isPartOf":{"@id":"https:\/\/www.tag-der-gfk.org\/rezept-des-dankapfels"},"author":{"name":"projektgrpadm","@id":"https:\/\/www.tag-der-gfk.org\/#\/schema\/person\/94b91932e16a2bd4dc6ca94c33b99ae7"},"headline":"Rezept des Dankapfels","datePublished":"2021-08-24T16:35:36+00:00","dateModified":"2025-04-28T19:47:14+00:00","mainEntityOfPage":{"@id":"https:\/\/www.tag-der-gfk.org\/rezept-des-dankapfels"},"wordCount":150,"publisher":{"@id":"https:\/\/www.tag-der-gfk.org\/#organization"},"image":{"@id":"https:\/\/www.tag-der-gfk.org\/rezept-des-dankapfels#primaryimage"},"thumbnailUrl":"https:\/\/www.tag-der-gfk.org\/wp-content\/uploads\/2019\/07\/e-card-dank-apfel-statt-zankapfel.jpg","articleSection":["Aktionen","Neuigkeiten"],"inLanguage":"en-GB"},{"@type":"WebPage","@id":"https:\/\/www.tag-der-gfk.org\/rezept-des-dankapfels","url":"https:\/\/www.tag-der-gfk.org\/rezept-des-dankapfels","name":"Rezept des Dankapfels - Tag der Gewaltfreien Kommunikation","isPartOf":{"@id":"https:\/\/www.tag-der-gfk.org\/#website"},"primaryImageOfPage":{"@id":"https:\/\/www.tag-der-gfk.org\/rezept-des-dankapfels#primaryimage"},"image":{"@id":"https:\/\/www.tag-der-gfk.org\/rezept-des-dankapfels#primaryimage"},"thumbnailUrl":"https:\/\/www.tag-der-gfk.org\/wp-content\/uploads\/2019\/07\/e-card-dank-apfel-statt-zankapfel.jpg","datePublished":"2021-08-24T16:35:36+00:00","dateModified":"2025-04-28T19:47:14+00:00","breadcrumb":{"@id":"https:\/\/www.tag-der-gfk.org\/rezept-des-dankapfels#breadcrumb"},"inLanguage":"en-GB","potentialAction":[{"@type":"ReadAction","target":["https:\/\/www.tag-der-gfk.org\/rezept-des-dankapfels"]}]},{"@type":"ImageObject","inLanguage":"en-GB","@id":"https:\/\/www.tag-der-gfk.org\/rezept-des-dankapfels#primaryimage","url":"https:\/\/www.tag-der-gfk.org\/wp-content\/uploads\/2019\/07\/e-card-dank-apfel-statt-zankapfel.jpg","contentUrl":"https:\/\/www.tag-der-gfk.org\/wp-content\/uploads\/2019\/07\/e-card-dank-apfel-statt-zankapfel.jpg","width":559,"height":397,"caption":"Mottokarte 2019"},{"@type":"BreadcrumbList","@id":"https:\/\/www.tag-der-gfk.org\/rezept-des-dankapfels#breadcrumb","itemListElement":[{"@type":"ListItem","position":1,"name":"Startseite","item":"https:\/\/www.tag-der-gfk.org\/"},{"@type":"ListItem","position":2,"name":"Rezept des Dankapfels"}]},{"@type":"WebSite","@id":"https:\/\/www.tag-der-gfk.org\/#website","url":"https:\/\/www.tag-der-gfk.org\/","name":"Day of Nonviolent Communication","description":"","publisher":{"@id":"https:\/\/www.tag-der-gfk.org\/#organization"},"potentialAction":[{"@type":"SearchAction","target":{"@type":"EntryPoint","urlTemplate":"https:\/\/www.tag-der-gfk.org\/?s={search_term_string}"},"query-input":{"@type":"PropertyValueSpecification","valueRequired":true,"valueName":"search_term_string"}}],"inLanguage":"en-GB"},{"@type":"Organization","@id":"https:\/\/www.tag-der-gfk.org\/#organization","name":"Projektgruppe Tag der Gewaltfreien Kommunikation","url":"https:\/\/www.tag-der-gfk.org\/","logo":{"@type":"ImageObject","inLanguage":"en-GB","@id":"https:\/\/www.tag-der-gfk.org\/#\/schema\/logo\/image\/","url":"https:\/\/www.tag-der-gfk.org\/wp-content\/uploads\/2018\/08\/Logo-Tag-der-GFK-final-Durckqualit\u00e4t.jpg","contentUrl":"https:\/\/www.tag-der-gfk.org\/wp-content\/uploads\/2018\/08\/Logo-Tag-der-GFK-final-Durckqualit\u00e4t.jpg","width":4870,"height":2285,"caption":"Projektgruppe Tag der Gewaltfreien Kommunikation"},"image":{"@id":"https:\/\/www.tag-der-gfk.org\/#\/schema\/logo\/image\/"}},{"@type":"Person","@id":"https:\/\/www.tag-der-gfk.org\/#\/schema\/person\/94b91932e16a2bd4dc6ca94c33b99ae7","name":"projektgrpadm","image":{"@type":"ImageObject","inLanguage":"en-GB","@id":"https:\/\/secure.gravatar.com\/avatar\/e42335ae53ceead567ac7161bea4b5a1683b23409e077417c26d878157ec8cb0?s=96&d=mm&r=g","url":"https:\/\/secure.gravatar.com\/avatar\/e42335ae53ceead567ac7161bea4b5a1683b23409e077417c26d878157ec8cb0?s=96&d=mm&r=g","contentUrl":"https:\/\/secure.gravatar.com\/avatar\/e42335ae53ceead567ac7161bea4b5a1683b23409e077417c26d878157ec8cb0?s=96&d=mm&r=g","caption":"projektgrpadm"},"description":"Melanie and Dirk Bieber","url":"http:\/\/www.tag-der-gfk.org\/en\/author\/projektgrpadmmb"}]}},"_links":{"self":[{"href":"http:\/\/www.tag-der-gfk.org\/en\/wp-json\/wp\/v2\/posts\/5546","targetHints":{"allow":["GET"]}}],"collection":[{"href":"http:\/\/www.tag-der-gfk.org\/en\/wp-json\/wp\/v2\/posts"}],"about":[{"href":"http:\/\/www.tag-der-gfk.org\/en\/wp-json\/wp\/v2\/types\/post"}],"author":[{"embeddable":true,"href":"http:\/\/www.tag-der-gfk.org\/en\/wp-json\/wp\/v2\/users\/2"}],"replies":[{"embeddable":true,"href":"http:\/\/www.tag-der-gfk.org\/en\/wp-json\/wp\/v2\/comments?post=5546"}],"version-history":[{"count":1,"href":"http:\/\/www.tag-der-gfk.org\/en\/wp-json\/wp\/v2\/posts\/5546\/revisions"}],"predecessor-version":[{"id":19079,"href":"http:\/\/www.tag-der-gfk.org\/en\/wp-json\/wp\/v2\/posts\/5546\/revisions\/19079"}],"wp:featuredmedia":[{"embeddable":true,"href":"http:\/\/www.tag-der-gfk.org\/en\/wp-json\/wp\/v2\/media\/5146"}],"wp:attachment":[{"href":"http:\/\/www.tag-der-gfk.org\/en\/wp-json\/wp\/v2\/media?parent=5546"}],"wp:term":[{"taxonomy":"category","embeddable":true,"href":"http:\/\/www.tag-der-gfk.org\/en\/wp-json\/wp\/v2\/categories?post=5546"},{"taxonomy":"post_tag","embeddable":true,"href":"http:\/\/www.tag-der-gfk.org\/en\/wp-json\/wp\/v2\/tags?post=5546"}],"curies":[{"name":"wp","href":"https:\/\/api.w.org\/{rel}","templated":true}]}}