{"id":198760,"date":"2026-09-02T17:31:20","date_gmt":"2026-09-02T15:31:20","guid":{"rendered":"https:\/\/www.tag-der-gfk.org\/?p=198760"},"modified":"2026-09-02T17:31:20","modified_gmt":"2026-09-02T15:31:20","slug":"fotoaktion-zum-tag-der-gfk-was-ist-dein-geschenk-an-marshall","status":"publish","type":"post","link":"https:\/\/www.tag-der-gfk.org\/en\/fotoaktion-zum-tag-der-gfk-was-ist-dein-geschenk-an-marshall","title":{"rendered":"Fotoaktion zum Tag der GFK: Was ist Dein Geschenk an Marshall?"},"content":{"rendered":"<p class=\"isSelectedEnd\">Am <strong>6. Oktober<\/strong>, dem Geburtstag von Marshall B. Rosenberg, feiern Menschen an vielen Orten den Tag der Gewaltfreien Kommunikation. In diesem Jahr m\u00f6chten wir sichtbar machen, wie unterschiedlich dieser besondere Tag gestaltet werden kann, und laden deshalb unter dem Motto <strong>\u201eMein Geschenk an Marshall\u201c<\/strong> zu einer gemeinsamen Fotoaktion ein.<\/p>\n<h2>Wie feierst Du den Tag der GFK?<\/h2>\n<p class=\"isSelectedEnd\">Vielleicht gestaltest Du einen Workshop, er\u00f6ffnest einen Gespr\u00e4chsraum oder kommst mit anderen Menschen zusammen. Doch es braucht ausdr\u00fccklich keine gro\u00dfe Veranstaltung und keine organisierte Aktion, denn Gewaltfreie Kommunikation zeigt sich auch in den kleinen Entscheidungen unseres Alltags: in Selbstf\u00fcrsorge, ehrlichem Zuh\u00f6ren, gelebter Nachbarschaft, Mitgef\u00fchl und Menschlichkeit.<\/p>\n<p class=\"isSelectedEnd\">Vielleicht liegst Du in einer H\u00e4ngematte und sorgst gut f\u00fcr Dich, gehst mit einer Freundin ein St\u00fcck Kuchen essen, h\u00f6rst einem Menschen aufmerksam zu oder m\u00e4hst f\u00fcr Deine Nachbarin oder Deinen Nachbarn den Rasen. Vielleicht nimmst Du Dir Zeit zum Spielen mit Deinem Kind, legst das Handy f\u00fcr eine Weile beiseite, gehst still spazieren oder sprichst eine l\u00e4ngst \u00fcberf\u00e4llige Wertsch\u00e4tzung aus. Auch eine konkrete Bitte um Unterst\u00fctzung, ein liebevolles Nein oder ein Moment des Innehaltens, in dem Du wahrnimmst, was Du gerade f\u00fchlst und brauchst, kann Dein pers\u00f6nliches Geschenk an Marshall sein.<\/p>\n<p class=\"isSelectedEnd\">Mit unserer Fotoaktion m\u00f6chten wir all diese gro\u00dfen und kleinen Momente sammeln und zeigen, wie lebendig Marshall B. Rosenbergs Vision eines friedlicheren Miteinanders bis heute ist.<\/p>\n<h2>So kannst Du mitmachen<\/h2>\n<p class=\"isSelectedEnd\">Fotografiere Deinen pers\u00f6nlichen GFK-Moment und sende uns Dein Bild bitte <strong>bis zum 10. Oktober 2026<\/strong> per E-Mail an <a href=\"mailto:antje.reichert@tag-der-gfk.org\">antje.reichert@tag-der-gfk.org<\/a>. Schreibe uns dazu in wenigen S\u00e4tzen:<\/p>\n<ul data-spread=\"false\">\n<li>Wer bist Du beziehungsweise wer seid Ihr?<\/li>\n<li>Wo ist das Foto entstanden?<\/li>\n<li>Was zeigt Dein Bild?<\/li>\n<li>Warum ist dieser Moment Dein \u201eGeschenk an Marshall\u201c?<\/li>\n<\/ul>\n<p class=\"isSelectedEnd\">Wenn Du magst, kannst Du auf Deinem Foto auch das Logo des Tages der GFK, ein eigenes Motto oder den kleinen Yogi einbeziehen. Das ist jedoch keine Voraussetzung, denn entscheidend ist allein, was der Tag der Gewaltfreien Kommunikation f\u00fcr Dich pers\u00f6nlich bedeutet.<\/p>\n<h2>Gemeinsam entsteht eine bunte Bildergalerie<\/h2>\n<p class=\"isSelectedEnd\">Aus den eingesandten Bildern soll auf unserer Webseite eine Galerie entstehen, die sichtbar macht, wie vielf\u00e4ltig Menschen die Idee der Gewaltfreien Kommunikation in ihr Leben tragen. Mit der Einsendung stimmst Du zu, dass wir Dein Foto auf unserer Webseite und in unseren sozialen Netzwerken ver\u00f6ffentlichen und im Zusammenhang mit dem Tag der Gewaltfreien Kommunikation verwenden d\u00fcrfen. Bitte stelle vor der Einsendung sicher, dass auch alle weiteren erkennbar abgebildeten Personen mit dieser Ver\u00f6ffentlichung und Verwendung einverstanden sind.<\/p>\n<h2>Eine kleine \u00dcberraschung f\u00fcr die ersten 100 Einsendungen<\/h2>\n<p class=\"isSelectedEnd\">Die ersten <strong>100 Einsendungen<\/strong> erhalten als Dankesch\u00f6n eine kleine \u00dcberraschung von uns. Was es ist, verraten wir noch nicht, doch sie soll Dich auch nach dem Tag der GFK an Dein Geschenk an Marshall erinnern. Wenn Du zu den ersten 100 Einsender*innen geh\u00f6ren und die \u00dcberraschung erhalten m\u00f6chtest, gib in Deiner E-Mail bitte auch eine Postanschrift an, an die wir sie versenden d\u00fcrfen.<\/p>\n<p>Ob \u00f6ffentlich oder ganz f\u00fcr Dich, kreativ, nachdenklich, spielerisch oder leise: Wir freuen uns darauf zu entdecken, wie Du den Tag der Gewaltfreien Kommunikation mit Leben f\u00fcllst. Lass uns gemeinsam zeigen, dass der 6. Oktober ein besonderer Tag sein kann \u2013 ein Tag f\u00fcr Empathie, Selbstf\u00fcrsorge, Verbindung und ein friedlicheres Miteinander.<\/p>","protected":false},"excerpt":{"rendered":"<p>Am 6. Oktober, dem Geburtstag von Marshall B. Rosenberg, feiern Menschen an vielen Orten den Tag der Gewaltfreien Kommunikation. In diesem Jahr m\u00f6chten wir sichtbar machen, wie unterschiedlich dieser besondere Tag gestaltet werden kann, und laden deshalb unter dem Motto \u201eMein Geschenk an Marshall\u201c zu einer gemeinsamen Fotoaktion ein. Wie feierst Du den Tag der GFK? Vielleicht gestaltest Du einen Workshop, er\u00f6ffnest einen Gespr\u00e4chsraum oder kommst mit anderen Menschen zusammen. Doch es braucht ausdr\u00fccklich keine gro\u00dfe Veranstaltung und keine organisierte&hellip;<\/p>","protected":false},"author":12,"featured_media":198756,"comment_status":"closed","ping_status":"open","sticky":false,"template":"","format":"standard","meta":{"footnotes":""},"categories":[118,13,1],"tags":[128,123,124,129,106],"class_list":["post-198760","post","type-post","status-publish","format-standard","has-post-thumbnail","hentry","category-118","category-aktionen","category-neuigkeiten","tag-fotoaktion","tag-gewaltfreie-kommunikation","tag-marshall-b-rosenberg","tag-mein-geschenk-an-marshall","tag-tag-der-gfk","post-has-thumbnail"],"yoast_head":"<!-- This site is optimized with the Yoast SEO plugin v28.4 - https:\/\/yoast.com\/product\/yoast-seo-wordpress\/ -->\n<title>Fotoaktion zum Tag der GFK: Was ist Dein Geschenk an Marshall? - Tag der Gewaltfreien Kommunikation<\/title>\n<meta name=\"robots\" content=\"index, follow, max-snippet:-1, max-image-preview:large, max-video-preview:-1\" \/>\n<link rel=\"canonical\" href=\"https:\/\/www.tag-der-gfk.org\/en\/fotoaktion-zum-tag-der-gfk-was-ist-dein-geschenk-an-marshall\/\" \/>\n<meta property=\"og:locale\" content=\"en_GB\" \/>\n<meta property=\"og:type\" content=\"article\" \/>\n<meta property=\"og:title\" content=\"Fotoaktion zum Tag der GFK: Was ist Dein Geschenk an Marshall? - Tag der Gewaltfreien Kommunikation\" \/>\n<meta property=\"og:description\" content=\"Am 6. Oktober, dem Geburtstag von Marshall B. Rosenberg, feiern Menschen an vielen Orten den Tag der Gewaltfreien Kommunikation. In diesem Jahr m\u00f6chten wir sichtbar machen, wie unterschiedlich dieser besondere Tag gestaltet werden kann, und laden deshalb unter dem Motto \u201eMein Geschenk an Marshall\u201c zu einer gemeinsamen Fotoaktion ein. Wie feierst Du den Tag der GFK? Vielleicht gestaltest Du einen Workshop, er\u00f6ffnest einen Gespr\u00e4chsraum oder kommst mit anderen Menschen zusammen. Doch es braucht ausdr\u00fccklich keine gro\u00dfe Veranstaltung und keine organisierte&hellip;\" \/>\n<meta property=\"og:url\" content=\"https:\/\/www.tag-der-gfk.org\/en\/fotoaktion-zum-tag-der-gfk-was-ist-dein-geschenk-an-marshall\/\" \/>\n<meta property=\"og:site_name\" content=\"Tag der Gewaltfreien Kommunikation\" \/>\n<meta property=\"article:published_time\" content=\"2026-09-02T15:31:20+00:00\" \/>\n<meta property=\"og:image\" content=\"https:\/\/www.tag-der-gfk.org\/wp-content\/uploads\/2026\/09\/IMG_4934_geaendert-scaled.jpg\" \/>\n\t<meta property=\"og:image:width\" content=\"1920\" \/>\n\t<meta property=\"og:image:height\" content=\"2560\" \/>\n\t<meta property=\"og:image:type\" content=\"image\/jpeg\" \/>\n<meta name=\"author\" content=\"Antje Reichert\" \/>\n<meta name=\"twitter:card\" content=\"summary_large_image\" \/>\n<meta name=\"twitter:label1\" content=\"Written by\" \/>\n\t<meta name=\"twitter:data1\" content=\"Antje Reichert\" \/>\n\t<meta name=\"twitter:label2\" content=\"Estimated reading time\" \/>\n\t<meta name=\"twitter:data2\" content=\"4 minutes\" \/>\n<script type=\"application\/ld+json\" class=\"yoast-schema-graph\">{\"@context\":\"https:\\\/\\\/schema.org\",\"@graph\":[{\"@type\":\"Article\",\"@id\":\"https:\\\/\\\/www.tag-der-gfk.org\\\/fotoaktion-zum-tag-der-gfk-was-ist-dein-geschenk-an-marshall#article\",\"isPartOf\":{\"@id\":\"https:\\\/\\\/www.tag-der-gfk.org\\\/fotoaktion-zum-tag-der-gfk-was-ist-dein-geschenk-an-marshall\"},\"author\":{\"name\":\"Antje Reichert\",\"@id\":\"https:\\\/\\\/www.tag-der-gfk.org\\\/#\\\/schema\\\/person\\\/6ac191711ad45c4fc384fe6834f8aacc\"},\"headline\":\"Fotoaktion zum Tag der GFK: Was ist Dein Geschenk an Marshall?\",\"datePublished\":\"2026-09-02T15:31:20+00:00\",\"mainEntityOfPage\":{\"@id\":\"https:\\\/\\\/www.tag-der-gfk.org\\\/fotoaktion-zum-tag-der-gfk-was-ist-dein-geschenk-an-marshall\"},\"wordCount\":565,\"publisher\":{\"@id\":\"https:\\\/\\\/www.tag-der-gfk.org\\\/#organization\"},\"image\":{\"@id\":\"https:\\\/\\\/www.tag-der-gfk.org\\\/fotoaktion-zum-tag-der-gfk-was-ist-dein-geschenk-an-marshall#primaryimage\"},\"thumbnailUrl\":\"https:\\\/\\\/www.tag-der-gfk.org\\\/wp-content\\\/uploads\\\/2026\\\/09\\\/IMG_4934_geaendert-scaled.jpg\",\"keywords\":[\"Fotoaktion\",\"Gewaltfreie Kommunikation\",\"Marshall B. Rosenberg\",\"Mein Geschenk an Marshall\",\"Tag der GFK\"],\"articleSection\":[\"2026\",\"Aktionen\",\"Neuigkeiten\"],\"inLanguage\":\"en-GB\"},{\"@type\":\"WebPage\",\"@id\":\"https:\\\/\\\/www.tag-der-gfk.org\\\/fotoaktion-zum-tag-der-gfk-was-ist-dein-geschenk-an-marshall\",\"url\":\"https:\\\/\\\/www.tag-der-gfk.org\\\/fotoaktion-zum-tag-der-gfk-was-ist-dein-geschenk-an-marshall\",\"name\":\"Fotoaktion zum Tag der GFK: Was ist Dein Geschenk an Marshall? - Tag der Gewaltfreien Kommunikation\",\"isPartOf\":{\"@id\":\"https:\\\/\\\/www.tag-der-gfk.org\\\/#website\"},\"primaryImageOfPage\":{\"@id\":\"https:\\\/\\\/www.tag-der-gfk.org\\\/fotoaktion-zum-tag-der-gfk-was-ist-dein-geschenk-an-marshall#primaryimage\"},\"image\":{\"@id\":\"https:\\\/\\\/www.tag-der-gfk.org\\\/fotoaktion-zum-tag-der-gfk-was-ist-dein-geschenk-an-marshall#primaryimage\"},\"thumbnailUrl\":\"https:\\\/\\\/www.tag-der-gfk.org\\\/wp-content\\\/uploads\\\/2026\\\/09\\\/IMG_4934_geaendert-scaled.jpg\",\"datePublished\":\"2026-09-02T15:31:20+00:00\",\"breadcrumb\":{\"@id\":\"https:\\\/\\\/www.tag-der-gfk.org\\\/fotoaktion-zum-tag-der-gfk-was-ist-dein-geschenk-an-marshall#breadcrumb\"},\"inLanguage\":\"en-GB\",\"potentialAction\":[{\"@type\":\"ReadAction\",\"target\":[\"https:\\\/\\\/www.tag-der-gfk.org\\\/fotoaktion-zum-tag-der-gfk-was-ist-dein-geschenk-an-marshall\"]}]},{\"@type\":\"ImageObject\",\"inLanguage\":\"en-GB\",\"@id\":\"https:\\\/\\\/www.tag-der-gfk.org\\\/fotoaktion-zum-tag-der-gfk-was-ist-dein-geschenk-an-marshall#primaryimage\",\"url\":\"https:\\\/\\\/www.tag-der-gfk.org\\\/wp-content\\\/uploads\\\/2026\\\/09\\\/IMG_4934_geaendert-scaled.jpg\",\"contentUrl\":\"https:\\\/\\\/www.tag-der-gfk.org\\\/wp-content\\\/uploads\\\/2026\\\/09\\\/IMG_4934_geaendert-scaled.jpg\",\"width\":1920,\"height\":2560},{\"@type\":\"BreadcrumbList\",\"@id\":\"https:\\\/\\\/www.tag-der-gfk.org\\\/fotoaktion-zum-tag-der-gfk-was-ist-dein-geschenk-an-marshall#breadcrumb\",\"itemListElement\":[{\"@type\":\"ListItem\",\"position\":1,\"name\":\"Startseite\",\"item\":\"https:\\\/\\\/www.tag-der-gfk.org\\\/\"},{\"@type\":\"ListItem\",\"position\":2,\"name\":\"Fotoaktion zum Tag der GFK: Was ist Dein Geschenk an Marshall?\"}]},{\"@type\":\"WebSite\",\"@id\":\"https:\\\/\\\/www.tag-der-gfk.org\\\/#website\",\"url\":\"https:\\\/\\\/www.tag-der-gfk.org\\\/\",\"name\":\"Tag der Gewaltfreien Kommunikation\",\"description\":\"\",\"publisher\":{\"@id\":\"https:\\\/\\\/www.tag-der-gfk.org\\\/#organization\"},\"potentialAction\":[{\"@type\":\"SearchAction\",\"target\":{\"@type\":\"EntryPoint\",\"urlTemplate\":\"https:\\\/\\\/www.tag-der-gfk.org\\\/?s={search_term_string}\"},\"query-input\":{\"@type\":\"PropertyValueSpecification\",\"valueRequired\":true,\"valueName\":\"search_term_string\"}}],\"inLanguage\":\"en-GB\"},{\"@type\":\"Organization\",\"@id\":\"https:\\\/\\\/www.tag-der-gfk.org\\\/#organization\",\"name\":\"Projektgruppe Tag der Gewaltfreien Kommunikation\",\"url\":\"https:\\\/\\\/www.tag-der-gfk.org\\\/\",\"logo\":{\"@type\":\"ImageObject\",\"inLanguage\":\"en-GB\",\"@id\":\"https:\\\/\\\/www.tag-der-gfk.org\\\/#\\\/schema\\\/logo\\\/image\\\/\",\"url\":\"https:\\\/\\\/www.tag-der-gfk.org\\\/wp-content\\\/uploads\\\/2018\\\/08\\\/Logo-Tag-der-GFK-final-Durckqualit\u00e4t.jpg\",\"contentUrl\":\"https:\\\/\\\/www.tag-der-gfk.org\\\/wp-content\\\/uploads\\\/2018\\\/08\\\/Logo-Tag-der-GFK-final-Durckqualit\u00e4t.jpg\",\"width\":4870,\"height\":2285,\"caption\":\"Projektgruppe Tag der Gewaltfreien Kommunikation\"},\"image\":{\"@id\":\"https:\\\/\\\/www.tag-der-gfk.org\\\/#\\\/schema\\\/logo\\\/image\\\/\"}},{\"@type\":\"Person\",\"@id\":\"https:\\\/\\\/www.tag-der-gfk.org\\\/#\\\/schema\\\/person\\\/6ac191711ad45c4fc384fe6834f8aacc\",\"name\":\"Antje Reichert\",\"image\":{\"@type\":\"ImageObject\",\"inLanguage\":\"en-GB\",\"@id\":\"https:\\\/\\\/secure.gravatar.com\\\/avatar\\\/bc0df33bf751334f3535257ea2972296ee61fdfb9cef1364320e3c4fa679c930?s=96&d=mm&r=g\",\"url\":\"https:\\\/\\\/secure.gravatar.com\\\/avatar\\\/bc0df33bf751334f3535257ea2972296ee61fdfb9cef1364320e3c4fa679c930?s=96&d=mm&r=g\",\"contentUrl\":\"https:\\\/\\\/secure.gravatar.com\\\/avatar\\\/bc0df33bf751334f3535257ea2972296ee61fdfb9cef1364320e3c4fa679c930?s=96&d=mm&r=g\",\"caption\":\"Antje Reichert\"},\"url\":\"https:\\\/\\\/www.tag-der-gfk.org\\\/en\\\/author\\\/prjgrdredar\"}]}<\/script>\n<!-- \/ Yoast SEO plugin. -->","yoast_head_json":{"title":"Fotoaktion zum Tag der GFK: Was ist Dein Geschenk an Marshall? - Tag der Gewaltfreien Kommunikation","robots":{"index":"index","follow":"follow","max-snippet":"max-snippet:-1","max-image-preview":"max-image-preview:large","max-video-preview":"max-video-preview:-1"},"canonical":"https:\/\/www.tag-der-gfk.org\/en\/fotoaktion-zum-tag-der-gfk-was-ist-dein-geschenk-an-marshall\/","og_locale":"en_GB","og_type":"article","og_title":"Fotoaktion zum Tag der GFK: Was ist Dein Geschenk an Marshall? - Tag der Gewaltfreien Kommunikation","og_description":"Am 6. Oktober, dem Geburtstag von Marshall B. Rosenberg, feiern Menschen an vielen Orten den Tag der Gewaltfreien Kommunikation. In diesem Jahr m\u00f6chten wir sichtbar machen, wie unterschiedlich dieser besondere Tag gestaltet werden kann, und laden deshalb unter dem Motto \u201eMein Geschenk an Marshall\u201c zu einer gemeinsamen Fotoaktion ein. Wie feierst Du den Tag der GFK? Vielleicht gestaltest Du einen Workshop, er\u00f6ffnest einen Gespr\u00e4chsraum oder kommst mit anderen Menschen zusammen. Doch es braucht ausdr\u00fccklich keine gro\u00dfe Veranstaltung und keine organisierte&hellip;","og_url":"https:\/\/www.tag-der-gfk.org\/en\/fotoaktion-zum-tag-der-gfk-was-ist-dein-geschenk-an-marshall\/","og_site_name":"Tag der Gewaltfreien Kommunikation","article_published_time":"2026-09-02T15:31:20+00:00","og_image":[{"width":1920,"height":2560,"url":"https:\/\/www.tag-der-gfk.org\/wp-content\/uploads\/2026\/09\/IMG_4934_geaendert-scaled.jpg","type":"image\/jpeg"}],"author":"Antje Reichert","twitter_card":"summary_large_image","twitter_misc":{"Written by":"Antje Reichert","Estimated reading time":"4 minutes"},"schema":{"@context":"https:\/\/schema.org","@graph":[{"@type":"Article","@id":"https:\/\/www.tag-der-gfk.org\/fotoaktion-zum-tag-der-gfk-was-ist-dein-geschenk-an-marshall#article","isPartOf":{"@id":"https:\/\/www.tag-der-gfk.org\/fotoaktion-zum-tag-der-gfk-was-ist-dein-geschenk-an-marshall"},"author":{"name":"Antje Reichert","@id":"https:\/\/www.tag-der-gfk.org\/#\/schema\/person\/6ac191711ad45c4fc384fe6834f8aacc"},"headline":"Fotoaktion zum Tag der GFK: Was ist Dein Geschenk an Marshall?","datePublished":"2026-09-02T15:31:20+00:00","mainEntityOfPage":{"@id":"https:\/\/www.tag-der-gfk.org\/fotoaktion-zum-tag-der-gfk-was-ist-dein-geschenk-an-marshall"},"wordCount":565,"publisher":{"@id":"https:\/\/www.tag-der-gfk.org\/#organization"},"image":{"@id":"https:\/\/www.tag-der-gfk.org\/fotoaktion-zum-tag-der-gfk-was-ist-dein-geschenk-an-marshall#primaryimage"},"thumbnailUrl":"https:\/\/www.tag-der-gfk.org\/wp-content\/uploads\/2026\/09\/IMG_4934_geaendert-scaled.jpg","keywords":["Fotoaktion","Gewaltfreie Kommunikation","Marshall B. Rosenberg","Mein Geschenk an Marshall","Tag der GFK"],"articleSection":["2026","Aktionen","Neuigkeiten"],"inLanguage":"en-GB"},{"@type":"WebPage","@id":"https:\/\/www.tag-der-gfk.org\/fotoaktion-zum-tag-der-gfk-was-ist-dein-geschenk-an-marshall","url":"https:\/\/www.tag-der-gfk.org\/fotoaktion-zum-tag-der-gfk-was-ist-dein-geschenk-an-marshall","name":"Fotoaktion zum Tag der GFK: Was ist Dein Geschenk an Marshall? - Tag der Gewaltfreien Kommunikation","isPartOf":{"@id":"https:\/\/www.tag-der-gfk.org\/#website"},"primaryImageOfPage":{"@id":"https:\/\/www.tag-der-gfk.org\/fotoaktion-zum-tag-der-gfk-was-ist-dein-geschenk-an-marshall#primaryimage"},"image":{"@id":"https:\/\/www.tag-der-gfk.org\/fotoaktion-zum-tag-der-gfk-was-ist-dein-geschenk-an-marshall#primaryimage"},"thumbnailUrl":"https:\/\/www.tag-der-gfk.org\/wp-content\/uploads\/2026\/09\/IMG_4934_geaendert-scaled.jpg","datePublished":"2026-09-02T15:31:20+00:00","breadcrumb":{"@id":"https:\/\/www.tag-der-gfk.org\/fotoaktion-zum-tag-der-gfk-was-ist-dein-geschenk-an-marshall#breadcrumb"},"inLanguage":"en-GB","potentialAction":[{"@type":"ReadAction","target":["https:\/\/www.tag-der-gfk.org\/fotoaktion-zum-tag-der-gfk-was-ist-dein-geschenk-an-marshall"]}]},{"@type":"ImageObject","inLanguage":"en-GB","@id":"https:\/\/www.tag-der-gfk.org\/fotoaktion-zum-tag-der-gfk-was-ist-dein-geschenk-an-marshall#primaryimage","url":"https:\/\/www.tag-der-gfk.org\/wp-content\/uploads\/2026\/09\/IMG_4934_geaendert-scaled.jpg","contentUrl":"https:\/\/www.tag-der-gfk.org\/wp-content\/uploads\/2026\/09\/IMG_4934_geaendert-scaled.jpg","width":1920,"height":2560},{"@type":"BreadcrumbList","@id":"https:\/\/www.tag-der-gfk.org\/fotoaktion-zum-tag-der-gfk-was-ist-dein-geschenk-an-marshall#breadcrumb","itemListElement":[{"@type":"ListItem","position":1,"name":"Startseite","item":"https:\/\/www.tag-der-gfk.org\/"},{"@type":"ListItem","position":2,"name":"Fotoaktion zum Tag der GFK: Was ist Dein Geschenk an Marshall?"}]},{"@type":"WebSite","@id":"https:\/\/www.tag-der-gfk.org\/#website","url":"https:\/\/www.tag-der-gfk.org\/","name":"Day of Nonviolent Communication","description":"","publisher":{"@id":"https:\/\/www.tag-der-gfk.org\/#organization"},"potentialAction":[{"@type":"SearchAction","target":{"@type":"EntryPoint","urlTemplate":"https:\/\/www.tag-der-gfk.org\/?s={search_term_string}"},"query-input":{"@type":"PropertyValueSpecification","valueRequired":true,"valueName":"search_term_string"}}],"inLanguage":"en-GB"},{"@type":"Organization","@id":"https:\/\/www.tag-der-gfk.org\/#organization","name":"Projektgruppe Tag der Gewaltfreien Kommunikation","url":"https:\/\/www.tag-der-gfk.org\/","logo":{"@type":"ImageObject","inLanguage":"en-GB","@id":"https:\/\/www.tag-der-gfk.org\/#\/schema\/logo\/image\/","url":"https:\/\/www.tag-der-gfk.org\/wp-content\/uploads\/2018\/08\/Logo-Tag-der-GFK-final-Durckqualit\u00e4t.jpg","contentUrl":"https:\/\/www.tag-der-gfk.org\/wp-content\/uploads\/2018\/08\/Logo-Tag-der-GFK-final-Durckqualit\u00e4t.jpg","width":4870,"height":2285,"caption":"Projektgruppe Tag der Gewaltfreien Kommunikation"},"image":{"@id":"https:\/\/www.tag-der-gfk.org\/#\/schema\/logo\/image\/"}},{"@type":"Person","@id":"https:\/\/www.tag-der-gfk.org\/#\/schema\/person\/6ac191711ad45c4fc384fe6834f8aacc","name":"Antje Reichert","image":{"@type":"ImageObject","inLanguage":"en-GB","@id":"https:\/\/secure.gravatar.com\/avatar\/bc0df33bf751334f3535257ea2972296ee61fdfb9cef1364320e3c4fa679c930?s=96&d=mm&r=g","url":"https:\/\/secure.gravatar.com\/avatar\/bc0df33bf751334f3535257ea2972296ee61fdfb9cef1364320e3c4fa679c930?s=96&d=mm&r=g","contentUrl":"https:\/\/secure.gravatar.com\/avatar\/bc0df33bf751334f3535257ea2972296ee61fdfb9cef1364320e3c4fa679c930?s=96&d=mm&r=g","caption":"Antje Reichert"},"url":"https:\/\/www.tag-der-gfk.org\/en\/author\/prjgrdredar"}]}},"_links":{"self":[{"href":"https:\/\/www.tag-der-gfk.org\/en\/wp-json\/wp\/v2\/posts\/198760","targetHints":{"allow":["GET"]}}],"collection":[{"href":"https:\/\/www.tag-der-gfk.org\/en\/wp-json\/wp\/v2\/posts"}],"about":[{"href":"https:\/\/www.tag-der-gfk.org\/en\/wp-json\/wp\/v2\/types\/post"}],"author":[{"embeddable":true,"href":"https:\/\/www.tag-der-gfk.org\/en\/wp-json\/wp\/v2\/users\/12"}],"replies":[{"embeddable":true,"href":"https:\/\/www.tag-der-gfk.org\/en\/wp-json\/wp\/v2\/comments?post=198760"}],"version-history":[{"count":1,"href":"https:\/\/www.tag-der-gfk.org\/en\/wp-json\/wp\/v2\/posts\/198760\/revisions"}],"predecessor-version":[{"id":198761,"href":"https:\/\/www.tag-der-gfk.org\/en\/wp-json\/wp\/v2\/posts\/198760\/revisions\/198761"}],"wp:featuredmedia":[{"embeddable":true,"href":"https:\/\/www.tag-der-gfk.org\/en\/wp-json\/wp\/v2\/media\/198756"}],"wp:attachment":[{"href":"https:\/\/www.tag-der-gfk.org\/en\/wp-json\/wp\/v2\/media?parent=198760"}],"wp:term":[{"taxonomy":"category","embeddable":true,"href":"https:\/\/www.tag-der-gfk.org\/en\/wp-json\/wp\/v2\/categories?post=198760"},{"taxonomy":"post_tag","embeddable":true,"href":"https:\/\/www.tag-der-gfk.org\/en\/wp-json\/wp\/v2\/tags?post=198760"}],"curies":[{"name":"wp","href":"https:\/\/api.w.org\/{rel}","templated":true}]}}